{"id":60897,"date":"2026-04-24T11:43:30","date_gmt":"2026-04-24T09:43:30","guid":{"rendered":"https:\/\/www.plust.it\/plust-e-la-collezione-vela-al-salone-del-mobile-milano-2026\/"},"modified":"2026-04-24T11:52:30","modified_gmt":"2026-04-24T09:52:30","slug":"plust-y-la-coleccion-vela-en-el-salone-del-mobile-milano-2026","status":"publish","type":"post","link":"https:\/\/www.plust.it\/es\/plust-y-la-coleccion-vela-en-el-salone-del-mobile-milano-2026\/","title":{"rendered":"PLUST y la colecci\u00f3n VELA en el Salone del Mobile Milano 2026"},"content":{"rendered":"<p>PLUST y la colecci\u00f3n VELA en el Salone del Mobile Milano 2026<br \/>\nHall 18, stand E04 | 21\u201326 de abril de 2026<\/p>\n<p>Sumergirse en la plaza metaf\u00edsica de Plust significa dejarse guiar entre superficies mat\u00e9ricas y formas escult\u00f3ricas, descubriendo texturas sorprendentes y detalles distintivos de las colecciones outdoor Vela y Twist.<\/p>\n<p>El stand dise\u00f1ado por BrogliatoTraverso para el Salone del Mobile.Milano 2026 toma forma como una plaza metaf\u00edsica suspendida entre realidad y visi\u00f3n, donde arcadas monumentales y horizontes marinos al atardecer construyen un relato inmersivo.<\/p>\n<p>Un montaje que evoca un paisaje ba\u00f1ado por la luz dorada, donde arquitectura y dise\u00f1o outdoor dialogan para crear escenarios sugerentes, pensados para acoger y regenerar.<\/p>\n<p>Entre las colecciones protagonistas, VELA se presenta en el acabado Lava, una tonalidad c\u00e1lida y envolvente que armoniza con los colores de las monta\u00f1as iluminadas por el sol al caer el d\u00eda.<\/p>\n<p>Las alcobas se convierten en refugios sensoriales, espacios \u00edntimos donde sentarse, desacelerar y dejarse transportar idealmente a la orilla del mar, inmersos en la luz de la golden hour.<\/p>\n<p>En el centro se desarrolla TWIST, dise\u00f1o de BrogliatoTraverso, la escultura-asiento modular que, con sus l\u00edneas definidas y una fuerte identidad visual, revela su est\u00e9tica escult\u00f3rica en el color Pietra.<\/p>\n<p>Junto a la novedad Vela, tambi\u00e9n las colecciones FADE y BOOM de Marco Gregori encuentran su lugar en las acogedoras arcadas, en un juego crom\u00e1tico que pone en valor c\u00f3mo las superficies de los arredi se convierten en texturas visualmente sofisticadas y agradables al tacto.<\/p>\n","protected":false},"excerpt":{"rendered":"<p>PLUST y la colecci\u00f3n VELA en el Salone del Mobile Milano 2026 Hall 18, stand E04 | 21\u201326 de abril de 2026 Sumergirse en la plaza metaf\u00edsica de Plust significa dejarse guiar entre superficies mat\u00e9ricas y formas escult\u00f3ricas, descubriendo texturas sorprendentes y detalles distintivos de las colecciones outdoor Vela y Twist. El stand dise\u00f1ado por &#8230;<\/p>\n","protected":false},"author":2,"featured_media":60894,"comment_status":"closed","ping_status":"closed","sticky":false,"template":"","format":"standard","meta":{"footnotes":""},"categories":[37],"tags":[],"class_list":["post-60897","post","type-post","status-publish","format-standard","has-post-thumbnail","hentry","category-sin-categorizar"],"_links":{"self":[{"href":"https:\/\/www.plust.it\/es\/wp-json\/wp\/v2\/posts\/60897"}],"collection":[{"href":"https:\/\/www.plust.it\/es\/wp-json\/wp\/v2\/posts"}],"about":[{"href":"https:\/\/www.plust.it\/es\/wp-json\/wp\/v2\/types\/post"}],"author":[{"embeddable":true,"href":"https:\/\/www.plust.it\/es\/wp-json\/wp\/v2\/users\/2"}],"replies":[{"embeddable":true,"href":"https:\/\/www.plust.it\/es\/wp-json\/wp\/v2\/comments?post=60897"}],"version-history":[{"count":3,"href":"https:\/\/www.plust.it\/es\/wp-json\/wp\/v2\/posts\/60897\/revisions"}],"predecessor-version":[{"id":60903,"href":"https:\/\/www.plust.it\/es\/wp-json\/wp\/v2\/posts\/60897\/revisions\/60903"}],"wp:featuredmedia":[{"embeddable":true,"href":"https:\/\/www.plust.it\/es\/wp-json\/wp\/v2\/media\/60894"}],"wp:attachment":[{"href":"https:\/\/www.plust.it\/es\/wp-json\/wp\/v2\/media?parent=60897"}],"wp:term":[{"taxonomy":"category","embeddable":true,"href":"https:\/\/www.plust.it\/es\/wp-json\/wp\/v2\/categories?post=60897"},{"taxonomy":"post_tag","embeddable":true,"href":"https:\/\/www.plust.it\/es\/wp-json\/wp\/v2\/tags?post=60897"}],"curies":[{"name":"wp","href":"https:\/\/api.w.org\/{rel}","templated":true}]}}