{"id":14325,"date":"2017-04-03T16:28:20","date_gmt":"2017-04-03T14:28:20","guid":{"rendered":"http:\/\/www.plust.it\/plust-collection-biennale-internazionale-del-cortometraggio-a-vicenza\/"},"modified":"2018-04-20T11:44:30","modified_gmt":"2018-04-20T09:44:30","slug":"plust-collection-biennale-internazionale-del-cortometraggio-a-vicenza","status":"publish","type":"post","link":"https:\/\/www.plust.it\/es\/plust-collection-biennale-internazionale-del-cortometraggio-a-vicenza\/","title":{"rendered":"PLUST Collection &#8211; Biennale Internazionale del Cortometraggio a Vicenza"},"content":{"rendered":"<p><strong>Plust Collection<\/strong> demuestra una vez m\u00e1s su compromiso con las iniciativas relacionadas con el mundo de la Cultura: en ocasi\u00f3n de la Bienal Internacional del Cortometraje de Vicenza &#8211; <strong>del 3 al 13 de Abril<\/strong> \u2013 decorar\u00e1 en la <strong>Loggia del Capitaniato<\/strong> en la c\u00e9ntrica Piazza dei Signori, un \u00e1rea dedicada a punto de informaci\u00f3n, para las entrevistas y las presentaciones.<\/p>\n","protected":false},"excerpt":{"rendered":"<p>Plust Collection demuestra una vez m\u00e1s su compromiso con las iniciativas relacionadas con el mundo de la Cultura: en ocasi\u00f3n de la Bienal Internacional del Cortometraje de Vicenza &#8211; del 3 al 13 de Abril \u2013 decorar\u00e1 en la Loggia del Capitaniato en la c\u00e9ntrica Piazza dei Signori, un \u00e1rea dedicada a punto de informaci\u00f3n, &#8230;<\/p>\n","protected":false},"author":2,"featured_media":7698,"comment_status":"closed","ping_status":"closed","sticky":false,"template":"","format":"gallery","meta":{"footnotes":""},"categories":[37],"tags":[],"class_list":["post-14325","post","type-post","status-publish","format-gallery","has-post-thumbnail","hentry","category-sin-categorizar","post_format-post-format-gallery"],"_links":{"self":[{"href":"https:\/\/www.plust.it\/es\/wp-json\/wp\/v2\/posts\/14325"}],"collection":[{"href":"https:\/\/www.plust.it\/es\/wp-json\/wp\/v2\/posts"}],"about":[{"href":"https:\/\/www.plust.it\/es\/wp-json\/wp\/v2\/types\/post"}],"author":[{"embeddable":true,"href":"https:\/\/www.plust.it\/es\/wp-json\/wp\/v2\/users\/2"}],"replies":[{"embeddable":true,"href":"https:\/\/www.plust.it\/es\/wp-json\/wp\/v2\/comments?post=14325"}],"version-history":[{"count":1,"href":"https:\/\/www.plust.it\/es\/wp-json\/wp\/v2\/posts\/14325\/revisions"}],"predecessor-version":[{"id":15029,"href":"https:\/\/www.plust.it\/es\/wp-json\/wp\/v2\/posts\/14325\/revisions\/15029"}],"wp:featuredmedia":[{"embeddable":true,"href":"https:\/\/www.plust.it\/es\/wp-json\/wp\/v2\/media\/7698"}],"wp:attachment":[{"href":"https:\/\/www.plust.it\/es\/wp-json\/wp\/v2\/media?parent=14325"}],"wp:term":[{"taxonomy":"category","embeddable":true,"href":"https:\/\/www.plust.it\/es\/wp-json\/wp\/v2\/categories?post=14325"},{"taxonomy":"post_tag","embeddable":true,"href":"https:\/\/www.plust.it\/es\/wp-json\/wp\/v2\/tags?post=14325"}],"curies":[{"name":"wp","href":"https:\/\/api.w.org\/{rel}","templated":true}]}}